{"id":500,"date":"2019-06-17T14:34:34","date_gmt":"2019-06-17T12:34:34","guid":{"rendered":"http:\/\/kluczbork112.cal24.pl\/?p=500"},"modified":"2019-06-20T12:43:39","modified_gmt":"2019-06-20T10:43:39","slug":"uwiezione-kaczki-w-fosie","status":"publish","type":"post","link":"https:\/\/kluczbork112.pl\/?p=500","title":{"rendered":"Uwi\u0119zione kaczki w fosie"},"content":{"rendered":"<p>W poniedzia\u0142ek 17 czerwca o godzinie 12:20 dy\u017curny Stanowiska Kierowania KP PSP w Kluczborku przyj\u0105\u0142 zg\u0142oszenie o uwi\u0119zionych kaczkach w fosie w parku w Byczynie.<\/p>\n<p><span id=\"more-1284\"><\/span>Po doje\u017adzie nie miejsce i rozpoznaniu stra\u017cacy potwierdzili tre\u015b\u0107 zg\u0142oszenia.<\/p>\n<p>Stra\u017cak ubrany w buto-spodnie wyci\u0105gn\u0105\u0142 ptaki z wody.<\/p>\n<p>Do dzia\u0142a\u0144 skierowano po jednym zast\u0119pie z OSP Byczyna i JRG Kluczbork.<\/p>\n<p><img loading=\"lazy\" decoding=\"async\" class=\"aligncenter wp-image-502 size-full\" src=\"http:\/\/kluczbork112.cal24.pl\/wp-content\/uploads\/2019\/06\/20190617_1239011.jpg\" alt=\"\" width=\"1024\" height=\"768\" \/><\/p>\n ","protected":false},"excerpt":{"rendered":"<p>W poniedzia\u0142ek 17 czerwca o godzinie 12:20 dy\u017curny Stanowiska Kierowania KP PSP w Kluczborku przyj\u0105\u0142 zg\u0142oszenie o uwi\u0119zionych kaczkach w fosie w parku w Byczynie. Po doje\u017adzie nie miejsce i rozpoznaniu stra\u017cacy potwierdzili tre\u015b\u0107 zg\u0142oszenia. Stra\u017cak ubrany w buto-spodnie wyci\u0105gn\u0105\u0142&#8230;<\/p>\n","protected":false},"author":2,"featured_media":504,"comment_status":"open","ping_status":"open","sticky":false,"template":"","format":"standard","meta":{"om_disable_all_campaigns":false,"_themeisle_gutenberg_block_has_review":false,"spay_email":"","footnotes":"","jetpack_publicize_message":"","jetpack_is_tweetstorm":false,"jetpack_publicize_feature_enabled":true},"categories":[4],"tags":[],"jetpack_featured_media_url":"https:\/\/kluczbork112.pl\/wp-content\/uploads\/2019\/06\/20190617_1239171.jpg","jetpack_publicize_connections":[],"jetpack_sharing_enabled":true,"jetpack_likes_enabled":true,"_links":{"self":[{"href":"https:\/\/kluczbork112.pl\/index.php?rest_route=\/wp\/v2\/posts\/500"}],"collection":[{"href":"https:\/\/kluczbork112.pl\/index.php?rest_route=\/wp\/v2\/posts"}],"about":[{"href":"https:\/\/kluczbork112.pl\/index.php?rest_route=\/wp\/v2\/types\/post"}],"author":[{"embeddable":true,"href":"https:\/\/kluczbork112.pl\/index.php?rest_route=\/wp\/v2\/users\/2"}],"replies":[{"embeddable":true,"href":"https:\/\/kluczbork112.pl\/index.php?rest_route=%2Fwp%2Fv2%2Fcomments&post=500"}],"version-history":[{"count":4,"href":"https:\/\/kluczbork112.pl\/index.php?rest_route=\/wp\/v2\/posts\/500\/revisions"}],"predecessor-version":[{"id":509,"href":"https:\/\/kluczbork112.pl\/index.php?rest_route=\/wp\/v2\/posts\/500\/revisions\/509"}],"wp:featuredmedia":[{"embeddable":true,"href":"https:\/\/kluczbork112.pl\/index.php?rest_route=\/wp\/v2\/media\/504"}],"wp:attachment":[{"href":"https:\/\/kluczbork112.pl\/index.php?rest_route=%2Fwp%2Fv2%2Fmedia&parent=500"}],"wp:term":[{"taxonomy":"category","embeddable":true,"href":"https:\/\/kluczbork112.pl\/index.php?rest_route=%2Fwp%2Fv2%2Fcategories&post=500"},{"taxonomy":"post_tag","embeddable":true,"href":"https:\/\/kluczbork112.pl\/index.php?rest_route=%2Fwp%2Fv2%2Ftags&post=500"}],"curies":[{"name":"wp","href":"https:\/\/api.w.org\/{rel}","templated":true}]}}