{"id":3854,"date":"2020-02-07T16:35:19","date_gmt":"2020-02-07T15:35:19","guid":{"rendered":"http:\/\/kluczbork112.pl\/?p=3854"},"modified":"2020-02-07T16:35:26","modified_gmt":"2020-02-07T15:35:26","slug":"kluczborska-policja-podsumowala-swoja-prace-w-2019-roku","status":"publish","type":"post","link":"https:\/\/kluczbork112.pl\/?p=3854","title":{"rendered":"Kluczborska Policja podsumowa\u0142a swoj\u0105 prac\u0119 w 2019 roku."},"content":{"rendered":"\n<p><strong> Kluczborska Policja podsumowa\u0142a swoj\u0105 prac\u0119 w 2019 roku. Komendant Powiatowy Policji w Kluczborku podinsp. Pawe\u0142 Kolczyk oraz jego zast\u0119pca\u00a0m\u0142.insp. \u0141ukasz\u00a0Gigiel\u00a0przedstawili wyniki pracy osi\u0105gni\u0119te w ubieg\u0142ym roku. W odprawie rocznej uczestniczy\u0142 I Zast\u0119pca Komendanta Wojew\u00f3dzkiego Policji w Opolu insp. Adam\u00a0Tychowicz.<\/strong><\/p>\n\n\n\n<p><br>6 lutego\u00a02020 r.\u00a0W\u00a0sali Starostwa Powiatowego Kluczborku odby\u0142a si\u0119 odprawa roczna kluczborskiej komendy policji, kt\u00f3ra rozpocz\u0119\u0142a si\u0119 od z\u0142o\u017cenia meldunku I Zast\u0119pcy Komendanta Wojew\u00f3dzkiego Policji w Opolu insp. Adamowi\u00a0Tychowiczowi\u00a0przez podinsp. Andrzeja Bia\u0142ka \u2013 Naczelnika Wydzia\u0142u Prewencji i Ruchu Drogowego Komendy Powiatowego Policji w Kluczborku.<\/p>\n\n\n\n<p>Witaj\u0105c wszystkich zgromadzonych&nbsp;policjant\u00f3w, jak i&nbsp;zaproszonych go\u015bci Komendant kluczborskiej Policji podinsp. Pawe\u0142 Kolczyk rozpocz\u0105\u0142 odpraw\u0119. I Zast\u0119pca Komendanta Powiatowego Policji w Kluczborku&nbsp;m\u0142.insp. \u0141ukasz&nbsp;Gigiel&nbsp;om\u00f3wi\u0142 prace policjant\u00f3w z wydzia\u0142u prewencji. Pion kryminalny przedstawi\u0142 Komendant Kolczyk. Podczas wyst\u0105pienia szef kluczborskich policjant\u00f3w podkre\u015bli\u0142 wysoki poziom wsp\u00f3\u0142pracy z w\u0142adzami samorz\u0105dowymi.<\/p>\n\n\n\n<p>Podczas odprawy g\u0142os zabrali Starosta Kluczborski Miros\u0142aw Birecki, Zast\u0119pca Prokuratora Rejonowego w Kluczborku Dawid Wojtowicz, Burmistrz Byczyny Iwona&nbsp;Sobania&nbsp;oraz Burmistrz Wo\u0142czyna Jan Leszek Wi\u0105cek. Podczas swoich przem\u00f3wie\u0144 go\u015bcie podkre\u015blali dobr\u0105 wsp\u00f3\u0142prac\u0119 z kluczborsk\u0105 policj\u0105, zaanga\u017cowanie w s\u0142u\u017cb\u0119&nbsp;spo\u0142ecze\u0144stwu, jak i&nbsp;stale rosn\u0105c\u0105 popraw\u0119 bezpiecze\u0144stwa mieszka\u0144c\u00f3w powiatu&nbsp;kluczborskiego.<\/p>\n\n\n\n<p>W dalszej cz\u0119\u015bci odprawy I Zast\u0119pca Komendanta Wojew\u00f3dzkiego Policji w Opolu insp. Adam&nbsp;Tychowicz&nbsp;pozytywnie oceni\u0142 prac\u0119 kluczborskich&nbsp;policjant\u00f3w, a nast\u0119pnie&nbsp;om\u00f3wi\u0142 wyniki pracy funkcjonariuszy z garnizonu opolskiego.<\/p>\n\n\n\n<p>Na zako\u0144czenie podinsp. Pawe\u0142 Kolczyk podzi\u0119kowa\u0142 wszystkim s\u0142u\u017cbom i instytucjom wsp\u00f3\u0142pracuj\u0105cym z policj\u0105 oraz policjantom i pracownikom policji za du\u017ce zaanga\u017cowanie<br>i\u00a0wysi\u0142ek, jaki\u00a0w\u0142o\u017cyli w prac\u0119 w 2019 roku. Komendant wyrazi\u0142 przekonanie, \u017ce\u00a0dobre wyniki osi\u0105gni\u0119te w minionym roku stan\u0105 si\u0119 motywacj\u0105 do jeszcze bardziej wyt\u0119\u017conej pracy funkcjonariuszy w roku bie\u017c\u0105cym.<\/p>\n\n\n\n<p><strong>\u0179r\u00f3d\u0142o: Policja Kluczbork.<\/strong><\/p>\n\n\n\n<ul class=\"wp-block-gallery columns-1 is-cropped wp-block-gallery-1 is-layout-flex wp-block-gallery-is-layout-flex\"><li class=\"blocks-gallery-item\"><figure><img loading=\"lazy\" decoding=\"async\" width=\"1024\" height=\"587\" src=\"http:\/\/kluczbork112.pl\/wp-content\/uploads\/2020\/02\/80-51119.jpg\" alt=\"\" data-id=\"3855\" data-link=\"http:\/\/kluczbork112.pl\/?attachment_id=3855\" class=\"wp-image-3855\"\/><\/figure><\/li><li class=\"blocks-gallery-item\"><figure><img loading=\"lazy\" decoding=\"async\" width=\"1024\" height=\"681\" src=\"http:\/\/kluczbork112.pl\/wp-content\/uploads\/2020\/02\/80-51120.jpg\" alt=\"\" data-id=\"3856\" data-link=\"http:\/\/kluczbork112.pl\/?attachment_id=3856\" class=\"wp-image-3856\"\/><\/figure><\/li><li class=\"blocks-gallery-item\"><figure><img loading=\"lazy\" decoding=\"async\" width=\"1024\" height=\"571\" src=\"http:\/\/kluczbork112.pl\/wp-content\/uploads\/2020\/02\/80-51121.jpg\" alt=\"\" data-id=\"3857\" data-link=\"http:\/\/kluczbork112.pl\/?attachment_id=3857\" class=\"wp-image-3857\"\/><\/figure><\/li><li class=\"blocks-gallery-item\"><figure><img loading=\"lazy\" decoding=\"async\" width=\"1024\" height=\"382\" src=\"http:\/\/kluczbork112.pl\/wp-content\/uploads\/2020\/02\/80-51122.jpg\" alt=\"\" data-id=\"3858\" data-link=\"http:\/\/kluczbork112.pl\/?attachment_id=3858\" class=\"wp-image-3858\"\/><\/figure><\/li><li class=\"blocks-gallery-item\"><figure><img loading=\"lazy\" decoding=\"async\" width=\"1024\" height=\"732\" src=\"http:\/\/kluczbork112.pl\/wp-content\/uploads\/2020\/02\/80-51123.jpg\" alt=\"\" data-id=\"3859\" data-link=\"http:\/\/kluczbork112.pl\/?attachment_id=3859\" class=\"wp-image-3859\"\/><\/figure><\/li><li class=\"blocks-gallery-item\"><figure><img loading=\"lazy\" decoding=\"async\" width=\"1024\" height=\"1022\" src=\"http:\/\/kluczbork112.pl\/wp-content\/uploads\/2020\/02\/80-51124.jpg\" alt=\"\" data-id=\"3860\" data-link=\"http:\/\/kluczbork112.pl\/?attachment_id=3860\" class=\"wp-image-3860\"\/><\/figure><\/li><\/ul>\n ","protected":false},"excerpt":{"rendered":"<p>Kluczborska Policja podsumowa\u0142a swoj\u0105 prac\u0119 w 2019 roku. Komendant Powiatowy Policji w Kluczborku podinsp. Pawe\u0142 Kolczyk oraz jego zast\u0119pca\u00a0m\u0142.insp. \u0141ukasz\u00a0Gigiel\u00a0przedstawili wyniki pracy osi\u0105gni\u0119te w ubieg\u0142ym roku. W odprawie rocznej uczestniczy\u0142 I Zast\u0119pca Komendanta Wojew\u00f3dzkiego Policji w Opolu insp. Adam\u00a0Tychowicz. 6&#8230;<\/p>\n","protected":false},"author":3,"featured_media":3859,"comment_status":"open","ping_status":"open","sticky":false,"template":"","format":"standard","meta":{"om_disable_all_campaigns":false,"_themeisle_gutenberg_block_has_review":false,"spay_email":"","footnotes":"","jetpack_publicize_message":"","jetpack_is_tweetstorm":false,"jetpack_publicize_feature_enabled":true},"categories":[133],"tags":[192,297,347,348],"jetpack_featured_media_url":"https:\/\/kluczbork112.pl\/wp-content\/uploads\/2020\/02\/80-51123.jpg","jetpack_publicize_connections":[],"jetpack_sharing_enabled":true,"jetpack_likes_enabled":true,"_links":{"self":[{"href":"https:\/\/kluczbork112.pl\/index.php?rest_route=\/wp\/v2\/posts\/3854"}],"collection":[{"href":"https:\/\/kluczbork112.pl\/index.php?rest_route=\/wp\/v2\/posts"}],"about":[{"href":"https:\/\/kluczbork112.pl\/index.php?rest_route=\/wp\/v2\/types\/post"}],"author":[{"embeddable":true,"href":"https:\/\/kluczbork112.pl\/index.php?rest_route=\/wp\/v2\/users\/3"}],"replies":[{"embeddable":true,"href":"https:\/\/kluczbork112.pl\/index.php?rest_route=%2Fwp%2Fv2%2Fcomments&post=3854"}],"version-history":[{"count":1,"href":"https:\/\/kluczbork112.pl\/index.php?rest_route=\/wp\/v2\/posts\/3854\/revisions"}],"predecessor-version":[{"id":3861,"href":"https:\/\/kluczbork112.pl\/index.php?rest_route=\/wp\/v2\/posts\/3854\/revisions\/3861"}],"wp:featuredmedia":[{"embeddable":true,"href":"https:\/\/kluczbork112.pl\/index.php?rest_route=\/wp\/v2\/media\/3859"}],"wp:attachment":[{"href":"https:\/\/kluczbork112.pl\/index.php?rest_route=%2Fwp%2Fv2%2Fmedia&parent=3854"}],"wp:term":[{"taxonomy":"category","embeddable":true,"href":"https:\/\/kluczbork112.pl\/index.php?rest_route=%2Fwp%2Fv2%2Fcategories&post=3854"},{"taxonomy":"post_tag","embeddable":true,"href":"https:\/\/kluczbork112.pl\/index.php?rest_route=%2Fwp%2Fv2%2Ftags&post=3854"}],"curies":[{"name":"wp","href":"https:\/\/api.w.org\/{rel}","templated":true}]}}