{"id":2349,"date":"2019-08-27T09:00:02","date_gmt":"2019-08-27T07:00:02","guid":{"rendered":"http:\/\/kluczbork112.cal24.pl\/?p=2349"},"modified":"2019-10-31T23:04:22","modified_gmt":"2019-10-31T22:04:22","slug":"trzy-pozary-w-gminie-wolczyn-w-ciagu-kilku-godzin","status":"publish","type":"post","link":"https:\/\/kluczbork112.pl\/?p=2349","title":{"rendered":"Trzy po\u017cary w gminie Wo\u0142czyn w ci\u0105gu kilku godzin."},"content":{"rendered":"<p><strong>Trzy razy interweniowali stra\u017cacy w gminie Wo\u0142czyn w zwi\u0105zku z po\u017carami.<\/strong><\/p>\n<p>W poniedzia\u0142ek 26 sierpnia o godzinie 20:22 jeden zast\u0119p z OSP Wo\u0142czyn zosta\u0142 zadysponowany do po\u017caru \u0142\u0105ki przy ulicy Chabr\u00f3w w Wo\u0142czynie. Spaleniu uleg\u0142o oko\u0142o 20 ar\u00f3w.<\/p>\n<p>O godzinie 21:45 OSP Szymonk\u00f3w zadysponowany zosta\u0142 do po\u017caru s\u0142omy na polu mi\u0119dzy Szymonkowem a \u015awiniarami Ma\u0142ymi. Po zlokalizowaniu ognia stwierdzono po\u017car porzuconej papy i s\u0142omy.<\/p>\n<p>Kilka minut po p\u00f3\u0142nocy (wtorek 27 sierpnia) jeden zast\u0119p OSP Komorzno zadysponowany zosta\u0142 do po\u017caru 5 balot\u00f3w s\u0142omy w Komorznie.<\/p>\n<p>Przyczyn\u0105 wszystkich po\u017car\u00f3w by\u0142o podpalenie.<\/p>\n<p><strong>Foto: OSP Komorzno, OSP Wo\u0142czyn, OSP Szymonk\u00f3w<\/strong><\/p>\n<p><img loading=\"lazy\" decoding=\"async\" class=\"alignnone size-full wp-image-2350\" src=\"http:\/\/kluczbork112.cal24.pl\/wp-content\/uploads\/2019\/08\/1ar1.jpg\" alt=\"\" width=\"640\" height=\"427\" \/> <img loading=\"lazy\" decoding=\"async\" class=\"alignnone size-full wp-image-2351\" src=\"http:\/\/kluczbork112.cal24.pl\/wp-content\/uploads\/2019\/08\/2ar1.jpg\" alt=\"\" width=\"960\" height=\"640\" \/> <img loading=\"lazy\" decoding=\"async\" class=\"alignnone size-full wp-image-2352\" src=\"http:\/\/kluczbork112.cal24.pl\/wp-content\/uploads\/2019\/08\/3ar1.jpg\" alt=\"\" width=\"720\" height=\"480\" \/> <img loading=\"lazy\" decoding=\"async\" class=\"alignnone size-full wp-image-2353\" src=\"http:\/\/kluczbork112.cal24.pl\/wp-content\/uploads\/2019\/08\/5ar1.jpg\" alt=\"\" width=\"960\" height=\"640\" \/> <img loading=\"lazy\" decoding=\"async\" class=\"alignnone size-full wp-image-2354\" src=\"http:\/\/kluczbork112.cal24.pl\/wp-content\/uploads\/2019\/08\/6ar1.jpg\" alt=\"\" width=\"960\" height=\"640\" \/> <img loading=\"lazy\" decoding=\"async\" class=\"alignnone size-full wp-image-2355\" src=\"http:\/\/kluczbork112.cal24.pl\/wp-content\/uploads\/2019\/08\/7ar1.jpg\" alt=\"\" width=\"1024\" height=\"682\" \/> <img loading=\"lazy\" decoding=\"async\" class=\"alignnone size-full wp-image-2356\" src=\"http:\/\/kluczbork112.cal24.pl\/wp-content\/uploads\/2019\/08\/8ar1.jpg\" alt=\"\" width=\"1024\" height=\"682\" \/> <img loading=\"lazy\" decoding=\"async\" class=\"alignnone size-full wp-image-2357\" src=\"http:\/\/kluczbork112.cal24.pl\/wp-content\/uploads\/2019\/08\/9ar1.jpg\" alt=\"\" width=\"640\" height=\"960\" \/> <img loading=\"lazy\" decoding=\"async\" class=\"alignnone size-full wp-image-2358\" src=\"http:\/\/kluczbork112.cal24.pl\/wp-content\/uploads\/2019\/08\/10ar1.jpg\" alt=\"\" width=\"720\" height=\"480\" \/> <img loading=\"lazy\" decoding=\"async\" class=\"alignnone size-full wp-image-2359\" src=\"http:\/\/kluczbork112.cal24.pl\/wp-content\/uploads\/2019\/08\/11ar1.jpg\" alt=\"\" width=\"960\" height=\"640\" \/> <img loading=\"lazy\" decoding=\"async\" class=\"alignnone size-full wp-image-2360\" src=\"http:\/\/kluczbork112.cal24.pl\/wp-content\/uploads\/2019\/08\/12ar1.jpg\" alt=\"\" width=\"960\" height=\"640\" \/> <img loading=\"lazy\" decoding=\"async\" class=\"alignnone size-full wp-image-2361\" src=\"http:\/\/kluczbork112.cal24.pl\/wp-content\/uploads\/2019\/08\/13ar1.jpg\" alt=\"\" width=\"640\" height=\"960\" \/><\/p>\n ","protected":false},"excerpt":{"rendered":"<p>Trzy razy interweniowali stra\u017cacy w gminie Wo\u0142czyn w zwi\u0105zku z po\u017carami. W poniedzia\u0142ek 26 sierpnia o godzinie 20:22 jeden zast\u0119p z OSP Wo\u0142czyn zosta\u0142 zadysponowany do po\u017caru \u0142\u0105ki przy ulicy Chabr\u00f3w w Wo\u0142czynie. Spaleniu uleg\u0142o oko\u0142o 20 ar\u00f3w. O godzinie&#8230;<\/p>\n","protected":false},"author":1,"featured_media":2992,"comment_status":"open","ping_status":"open","sticky":false,"template":"","format":"standard","meta":{"om_disable_all_campaigns":false,"_themeisle_gutenberg_block_has_review":false,"spay_email":"","footnotes":"","jetpack_publicize_message":"","jetpack_is_tweetstorm":false,"jetpack_publicize_feature_enabled":true},"categories":[5],"tags":[168,117,169,29,44,170,51],"jetpack_featured_media_url":"https:\/\/kluczbork112.pl\/wp-content\/uploads\/2019\/08\/2ar1.jpg","jetpack_publicize_connections":[],"jetpack_sharing_enabled":true,"jetpack_likes_enabled":true,"_links":{"self":[{"href":"https:\/\/kluczbork112.pl\/index.php?rest_route=\/wp\/v2\/posts\/2349"}],"collection":[{"href":"https:\/\/kluczbork112.pl\/index.php?rest_route=\/wp\/v2\/posts"}],"about":[{"href":"https:\/\/kluczbork112.pl\/index.php?rest_route=\/wp\/v2\/types\/post"}],"author":[{"embeddable":true,"href":"https:\/\/kluczbork112.pl\/index.php?rest_route=\/wp\/v2\/users\/1"}],"replies":[{"embeddable":true,"href":"https:\/\/kluczbork112.pl\/index.php?rest_route=%2Fwp%2Fv2%2Fcomments&post=2349"}],"version-history":[{"count":1,"href":"https:\/\/kluczbork112.pl\/index.php?rest_route=\/wp\/v2\/posts\/2349\/revisions"}],"predecessor-version":[{"id":2362,"href":"https:\/\/kluczbork112.pl\/index.php?rest_route=\/wp\/v2\/posts\/2349\/revisions\/2362"}],"wp:featuredmedia":[{"embeddable":true,"href":"https:\/\/kluczbork112.pl\/index.php?rest_route=\/wp\/v2\/media\/2992"}],"wp:attachment":[{"href":"https:\/\/kluczbork112.pl\/index.php?rest_route=%2Fwp%2Fv2%2Fmedia&parent=2349"}],"wp:term":[{"taxonomy":"category","embeddable":true,"href":"https:\/\/kluczbork112.pl\/index.php?rest_route=%2Fwp%2Fv2%2Fcategories&post=2349"},{"taxonomy":"post_tag","embeddable":true,"href":"https:\/\/kluczbork112.pl\/index.php?rest_route=%2Fwp%2Fv2%2Ftags&post=2349"}],"curies":[{"name":"wp","href":"https:\/\/api.w.org\/{rel}","templated":true}]}}