{"id":15932,"date":"2022-09-01T15:33:48","date_gmt":"2022-09-01T13:33:48","guid":{"rendered":"http:\/\/kluczbork112.pl\/?p=15932"},"modified":"2022-09-01T15:34:02","modified_gmt":"2022-09-01T13:34:02","slug":"sprawcy-pobicia-zatrzymani","status":"publish","type":"post","link":"https:\/\/kluczbork112.pl\/?p=15932","title":{"rendered":"Sprawcy pobicia zatrzymani"},"content":{"rendered":"\n<p>Kluczborscy kryminalni zatrzymali 2 m\u0119\u017cczyzn podejrzanych o pobicie 76-letniego mieszka\u0144ca Kluczborka. Trafili oni do policyjnych areszt\u00f3w i us\u0142yszeli ju\u017c zarzuty. Za takie przest\u0119pstwo grozi kara do 3 lat wi\u0119zienia.<\/p>\n\n\n\n<p>Dodano: 29.08.2022<\/p>\n\n\n\n<p><strong>Kluczborscy kryminalni zatrzymali 2 m\u0119\u017cczyzn podejrzanych o pobicie 76-letniego mieszka\u0144ca Kluczborka. Trafili oni do policyjnych areszt\u00f3w i us\u0142yszeli ju\u017c zarzuty. Za takie przest\u0119pstwo grozi kara do 3 lat wi\u0119zienia.<\/strong><\/p>\n\n\n\n<!--more-->\n\n\n\n<p>W po\u0142owie sierpnia, na terenie Kluczborka, dosz\u0142o do pobicia 76-letniego mieszka\u0144ca tego miasta. Z jego relacji wynika\u0142o, \u017ce czekaj\u0105c na koleg\u0119 w zacienionym miejscu zosta\u0142 zaatakowany przez 2 m\u0119\u017cczyzn. Napastnicy mieli go przewr\u00f3cic i nast\u0119pnie kopa\u0107 po ca\u0142ym ciele. Po ca\u0142ym zdarzeniu m\u0119\u017cczy\u017anie uciekli z miejsca pobicia. 76-latek z odniesionymi obra\u017ceniami doszed\u0142 do pobliskich zabudowa\u0144, sk\u0105d powiadomi\u0142 policj\u0119. Poszkodowany trafi\u0142 do szpitala.<\/p>\n\n\n\n<p>Dzi\u0119ki szybkim dzia\u0142aniom kryminalnych z Kluczborka uda\u0142o si\u0119 ustali\u0107 wizerunek oprawc\u00f3w. Po kilku dniach, 24 i 30-letni mieszka\u0144cy Kluczborka trafili do policyjnych areszt\u00f3w. Obaj m\u0119\u017cczy\u017ani us\u0142yszeli ju\u017c zarzuty pobicia.<\/p>\n\n\n\n<p>Zgodnie z obowi\u0105zuj\u0105cymi przepisami, za takie przest\u0119pstwo kodeks karny przewiduje kar\u0119 pozbawienia wolno\u015bci do 3 lat.<\/p>\n\n\n\n<p>Policja Kluczbork <\/p>\n ","protected":false},"excerpt":{"rendered":"<p>Kluczborscy kryminalni zatrzymali 2 m\u0119\u017cczyzn podejrzanych o pobicie 76-letniego mieszka\u0144ca Kluczborka. Trafili oni do policyjnych areszt\u00f3w i us\u0142yszeli ju\u017c zarzuty. Za takie przest\u0119pstwo grozi kara do 3 lat wi\u0119zienia. Dodano: 29.08.2022 Kluczborscy kryminalni zatrzymali 2 m\u0119\u017cczyzn podejrzanych o pobicie 76-letniego&#8230;<\/p>\n","protected":false},"author":1,"featured_media":15933,"comment_status":"open","ping_status":"open","sticky":false,"template":"","format":"standard","meta":{"om_disable_all_campaigns":false,"_themeisle_gutenberg_block_has_review":false,"spay_email":"","footnotes":"","jetpack_publicize_message":"","jetpack_is_tweetstorm":false,"jetpack_publicize_feature_enabled":true},"categories":[1],"tags":[],"jetpack_featured_media_url":"https:\/\/kluczbork112.pl\/wp-content\/uploads\/2022\/09\/80-151680_mo2.jpg","jetpack_publicize_connections":[],"jetpack_sharing_enabled":true,"jetpack_likes_enabled":true,"_links":{"self":[{"href":"https:\/\/kluczbork112.pl\/index.php?rest_route=\/wp\/v2\/posts\/15932"}],"collection":[{"href":"https:\/\/kluczbork112.pl\/index.php?rest_route=\/wp\/v2\/posts"}],"about":[{"href":"https:\/\/kluczbork112.pl\/index.php?rest_route=\/wp\/v2\/types\/post"}],"author":[{"embeddable":true,"href":"https:\/\/kluczbork112.pl\/index.php?rest_route=\/wp\/v2\/users\/1"}],"replies":[{"embeddable":true,"href":"https:\/\/kluczbork112.pl\/index.php?rest_route=%2Fwp%2Fv2%2Fcomments&post=15932"}],"version-history":[{"count":1,"href":"https:\/\/kluczbork112.pl\/index.php?rest_route=\/wp\/v2\/posts\/15932\/revisions"}],"predecessor-version":[{"id":15934,"href":"https:\/\/kluczbork112.pl\/index.php?rest_route=\/wp\/v2\/posts\/15932\/revisions\/15934"}],"wp:featuredmedia":[{"embeddable":true,"href":"https:\/\/kluczbork112.pl\/index.php?rest_route=\/wp\/v2\/media\/15933"}],"wp:attachment":[{"href":"https:\/\/kluczbork112.pl\/index.php?rest_route=%2Fwp%2Fv2%2Fmedia&parent=15932"}],"wp:term":[{"taxonomy":"category","embeddable":true,"href":"https:\/\/kluczbork112.pl\/index.php?rest_route=%2Fwp%2Fv2%2Fcategories&post=15932"},{"taxonomy":"post_tag","embeddable":true,"href":"https:\/\/kluczbork112.pl\/index.php?rest_route=%2Fwp%2Fv2%2Ftags&post=15932"}],"curies":[{"name":"wp","href":"https:\/\/api.w.org\/{rel}","templated":true}]}}